{"id":15434,"date":"2020-06-10T10:30:51","date_gmt":"2020-06-10T08:30:51","guid":{"rendered":"https:\/\/www.andbank.com\/andorra\/andbank-colabora-primer-proyecto-investigacion-pacientes-covid-andorra\/"},"modified":"2020-12-02T13:19:32","modified_gmt":"2020-12-02T11:19:32","slug":"andbank-col%c2%b7labora-primer-projecte-dinvestigacio-pacients-covid-andorra","status":"publish","type":"post","link":"https:\/\/www.andbank.com\/andorra\/ca\/andbank-col%c2%b7labora-primer-projecte-dinvestigacio-pacients-covid-andorra\/","title":{"rendered":"Andbank col\u00b7labora en el primer projecte d\u2019investigaci\u00f3 en pacients de COVID a Andorra"},"content":{"rendered":"<p>Andorra, 9 de juny del 2020.<\/p>\n<p>Andorra dur\u00e0 a terme un projecte d\u2019investigaci\u00f3 cl\u00ednica a la Unitat de Cures Intensives de l\u2019Hospital Nostra Senyora de Meritxell (Servei Andorr\u00e0 d\u2019Atenci\u00f3 Sanit\u00e0ria) per esbrinar la correlaci\u00f3 entre els par\u00e0metres de ventilaci\u00f3 mec\u00e0nica i els marcadors inflamatoris en pacients greus ingressats per COVID-19 a la UCI. <!--more--><\/p>\n<p>La infecci\u00f3 per SARS-Cov-2 (la malaltia COVID-19) pot provocar una inflamaci\u00f3 pulmonar aguda, similar a un s\u00edndrome de distr\u00e9s respiratori agut (SDRA) en la que es desencadena una tempesta de citoquines responsables de la inflamaci\u00f3 i del dany pulmonar. No existeix un tractament espec\u00edfic demostrat i molts pacients requereixen ventilaci\u00f3 mec\u00e0nica. No hi ha marcadors espec\u00edfics<\/p>\n<p>Per estudiar aquest fet, l\u2019equip d\u2019investigaci\u00f3 del Servei Andorr\u00e0 d\u2019Atenci\u00f3 Sanit\u00e0ria, inicia aquest projecte amb l\u2019objectiu de determinar les caracter\u00edstiques i les possibles correlacions entre els par\u00e0metres de mec\u00e0nica ventilat\u00f2ria i les concentracions de citoquines en plasma dels pacients COVID ingressats a la UCI durant diferents fases. Les concentracions de citoquines seran mesurades a l\u2019Institut de Recerca de la Vall d\u2019Hebron (VHIR).<\/p>\n<p>Aquest equip estar\u00e0 coliderat pel Doctor Margarit, com a cap de servei, pels Doctors Vizmanos i Alfaro, i per la Dra. Maria Jes\u00fas Cruz, de l\u2019Institut de Recerca de la Vall d\u2019Hebron.<\/p>\n<p>Quant a la metodologia, es tracta d\u2019un estudi retrospectiu de casos de malalts que van ingressar a la UCI per aquesta malaltia a partir del mes de mar\u00e7 del 2020 Es recolliran criteris diferents com ara les dades demogr\u00e0fiques, la situaci\u00f3 cl\u00ednica i les caracter\u00edstiques de la ventilaci\u00f3 mec\u00e0nica dels pacients. Les mostres de s\u00e8rum congelades s\u2019enviaran al laboratori de Pneumologia del VHIR per la determinaci\u00f3 dels nivells de citoquines.<\/p>\n<p>Andbank, des del primer moment, s&#8217;ha bolcat davant aquesta crisi sanit\u00e0ria buscant la manera de contribuir a pal\u00b7liar aquesta pand\u00e8mia mundial, per aquest motiu no ha dubtat en col\u00b7laborar en un projecte que aportar\u00e0 m\u00e9s informaci\u00f3 i eines d\u2019actuaci\u00f3 pel tractament i coneixement cient\u00edfic del SARS-CoV-2<\/p>\n","protected":false},"excerpt":{"rendered":"<p>Andorra, 9 de juny del 2020. Andorra dur\u00e0 a terme un projecte d\u2019investigaci\u00f3 cl\u00ednica a la Unitat de Cures Intensives de l\u2019Hospital Nostra Senyora de Meritxell (Servei Andorr\u00e0 d\u2019Atenci\u00f3 Sanit\u00e0ria) per esbrinar la correlaci\u00f3 entre els par\u00e0metres de ventilaci\u00f3 mec\u00e0nica i els marcadors inflamatoris en pacients greus ingressats per COVID-19 a la UCI.<\/p>\n","protected":false},"author":28,"featured_media":15430,"comment_status":"open","ping_status":"open","sticky":false,"template":"","format":"standard","meta":{"_acf_changed":false,"footnotes":""},"categories":[9],"tags":[58,968,7459,7460],"yst_prominent_words":[6778,6772,406,6783,6775,6779,6781,6780,6776,6766,6782,143,2335,6773,6770,6777,6771,6769,4258,6774],"class_list":["post-15434","post","type-post","status-publish","format-standard","has-post-thumbnail","hentry","category-rsc","tag-andbank-2","tag-andorra","tag-covid-19","tag-hospital-nostra-senyora-de-meritxell"],"acf":[],"_links":{"self":[{"href":"https:\/\/www.andbank.com\/andorra\/ca\/wp-json\/wp\/v2\/posts\/15434"}],"collection":[{"href":"https:\/\/www.andbank.com\/andorra\/ca\/wp-json\/wp\/v2\/posts"}],"about":[{"href":"https:\/\/www.andbank.com\/andorra\/ca\/wp-json\/wp\/v2\/types\/post"}],"author":[{"embeddable":true,"href":"https:\/\/www.andbank.com\/andorra\/ca\/wp-json\/wp\/v2\/users\/28"}],"replies":[{"embeddable":true,"href":"https:\/\/www.andbank.com\/andorra\/ca\/wp-json\/wp\/v2\/comments?post=15434"}],"version-history":[{"count":0,"href":"https:\/\/www.andbank.com\/andorra\/ca\/wp-json\/wp\/v2\/posts\/15434\/revisions"}],"wp:featuredmedia":[{"embeddable":true,"href":"https:\/\/www.andbank.com\/andorra\/ca\/wp-json\/wp\/v2\/media\/15430"}],"wp:attachment":[{"href":"https:\/\/www.andbank.com\/andorra\/ca\/wp-json\/wp\/v2\/media?parent=15434"}],"wp:term":[{"taxonomy":"category","embeddable":true,"href":"https:\/\/www.andbank.com\/andorra\/ca\/wp-json\/wp\/v2\/categories?post=15434"},{"taxonomy":"post_tag","embeddable":true,"href":"https:\/\/www.andbank.com\/andorra\/ca\/wp-json\/wp\/v2\/tags?post=15434"},{"taxonomy":"yst_prominent_words","embeddable":true,"href":"https:\/\/www.andbank.com\/andorra\/ca\/wp-json\/wp\/v2\/yst_prominent_words?post=15434"}],"curies":[{"name":"wp","href":"https:\/\/api.w.org\/{rel}","templated":true}]}}