{"id":15436,"date":"2020-06-10T10:30:51","date_gmt":"2020-06-10T08:30:51","guid":{"rendered":"https:\/\/www.andbank.com\/andorra\/andbank-colabora-primer-proyecto-investigacion-pacientes-covid-andorra\/"},"modified":"2020-12-02T13:19:46","modified_gmt":"2020-12-02T11:19:46","slug":"andbank-collabore-au-premier-projet-recherche-sur-les-patients-atteints-covid-andorre","status":"publish","type":"post","link":"https:\/\/www.andbank.com\/andorra\/fr\/andbank-collabore-au-premier-projet-recherche-sur-les-patients-atteints-covid-andorre\/","title":{"rendered":"Andbank collabore au premier projet de recherche sur les patients atteints de COVID en Andorre"},"content":{"rendered":"<p>Andorre, le 9 juin 2020.<\/p>\n<p>L&rsquo;Andorre m\u00e8nera un projet de recherche clinique dans l&rsquo;Unit\u00e9 de soins intensifs de l&rsquo;h\u00f4pital Nostra Senyora de Meritxell (Service andorran de soins de sant\u00e9) pour d\u00e9couvrir la corr\u00e9lation entre les param\u00e8tres de ventilation m\u00e9canique et les marqueurs inflammatoires chez les patients gravement malades admis pour COVID-19 \u00e0 l&rsquo;USI.<\/p>\n<p>L&rsquo;infection par le SARS-CoV-2 (maladie COVID-19) peut provoquer une inflammation pulmonaire aigu\u00eb, semblable au syndrome de d\u00e9tresse respiratoire aigu\u00eb (SDRA), qui d\u00e9clenche une temp\u00eate de cytokines responsables de l&rsquo;inflammation et des l\u00e9sions pulmonaires. Il n&rsquo;y a pas de traitement sp\u00e9cifique \u00e9prouv\u00e9 et de nombreux patients n\u00e9cessitent une ventilation m\u00e9canique. Il n&rsquo;y a pas de marqueurs sp\u00e9cifiques<\/p>\n<p>Pour \u00e9tudier ce fait, l&rsquo;\u00e9quipe de recherche du Service andorran de soins de sant\u00e9 commence ce projet avec pour objectif de d\u00e9terminer les caract\u00e9ristiques et les corr\u00e9lations possibles entre les param\u00e8tres de la m\u00e9canique ventilatoire et les concentrations plasmatiques de cytokines chez les patients atteints de COVID admis \u00e0 l&rsquo;USI lors de diff\u00e9rentes phases. Les concentrations de cytokines seront mesur\u00e9es \u00e0 l\u2019Institut de recherche du Vall d\u2019Hebron (VHIR).<\/p>\n<p>Cette \u00e9quipe sera codirig\u00e9e par le Dr\u00a0Margarit, en tant que chef de service, par les Drs\u00a0Vizmanos et Alfaro, et par la Dre Maria Jes\u00fas Cruz, de l\u2019Institut de recherche du Vall d\u2019Hebron.<\/p>\n<p>En ce qui concerne la m\u00e9thodologie, il s&rsquo;agit d&rsquo;une \u00e9tude r\u00e9trospective des cas de patients admis en USI en raison de cette maladie \u00e0 partir du mois de mars 2020. Diff\u00e9rents crit\u00e8res seront rassembl\u00e9s, tels que les donn\u00e9es d\u00e9mographiques, la situation clinique et les caract\u00e9ristiques de la ventilation m\u00e9canique des patients. Des \u00e9chantillons de s\u00e9rum congel\u00e9s seront envoy\u00e9s au Laboratoire de pneumologie du VHIR pour d\u00e9terminer les niveaux de cytokines.<\/p>\n<p>Andbank, d\u00e8s le d\u00e9part, s&rsquo;est impliqu\u00e9e dans cette crise sanitaire en recherchant la mani\u00e8re de contribuer \u00e0 pallier cette pand\u00e9mie mondiale. C\u2019est pourquoi la banque n&rsquo;a pas h\u00e9sit\u00e9 \u00e0 collaborer \u00e0 un projet qui apportera plus d&rsquo;informations et d&rsquo;outils pour intervenir dans le traitement du SARS-CoV-2 et \u00e9largir les connaissances scientifiques \u00e0 ce sujet.<\/p>\n<p>L&rsquo;entit\u00e9 indique que \u00ab\u00a0l&rsquo;un des objectifs de la responsabilit\u00e9 sociale des entreprises de notre organisation est la lutte contre le cancer et la recherche en oncologie, mais aussi l&rsquo;engagement et le soutien de la soci\u00e9t\u00e9 avec laquelle nous interagissons, et cette pand\u00e9mie mondiale est une raison suffisamment importante pour mettre tous nos moyens \u00e0 la disposition des personnes et des \u00e9quipes qui peuvent apporter des solutions et des moyens pour la combattre\u00a0\u00bb<\/p>\n<p style=\"text-align: right\"><b>Contact pour la presse<\/b><\/p>\n<p style=\"text-align: right\">Meritxell Roca<\/p>\n<p style=\"text-align: right\">+376 381640<\/p>\n","protected":false},"excerpt":{"rendered":"<p>Andorre, le 9 juin 2020. L&rsquo;Andorre m\u00e8nera un projet de recherche clinique dans l&rsquo;Unit\u00e9 de soins intensifs de l&rsquo;h\u00f4pital Nostra Senyora de Meritxell (Service andorran de soins de sant\u00e9) pour d\u00e9couvrir la corr\u00e9lation entre les param\u00e8tres de ventilation m\u00e9canique et les marqueurs inflammatoires chez les patients gravement malades admis pour COVID-19 \u00e0 l&rsquo;USI. L&rsquo;infection par [&hellip;]<\/p>\n","protected":false},"author":28,"featured_media":15432,"comment_status":"open","ping_status":"open","sticky":false,"template":"","format":"standard","meta":{"_acf_changed":false,"footnotes":""},"categories":[10],"tags":[58,968,7459,7460],"yst_prominent_words":[6819,6815,6806,6812,756,6811,5856,6808,6817,6809,6804,6816,753,6814,6810,6805,6818,6807,4195,6813],"class_list":["post-15436","post","type-post","status-publish","format-standard","has-post-thumbnail","hentry","category-rsc","tag-andbank-2","tag-andorra","tag-covid-19","tag-hospital-nostra-senyora-de-meritxell"],"acf":[],"_links":{"self":[{"href":"https:\/\/www.andbank.com\/andorra\/fr\/wp-json\/wp\/v2\/posts\/15436"}],"collection":[{"href":"https:\/\/www.andbank.com\/andorra\/fr\/wp-json\/wp\/v2\/posts"}],"about":[{"href":"https:\/\/www.andbank.com\/andorra\/fr\/wp-json\/wp\/v2\/types\/post"}],"author":[{"embeddable":true,"href":"https:\/\/www.andbank.com\/andorra\/fr\/wp-json\/wp\/v2\/users\/28"}],"replies":[{"embeddable":true,"href":"https:\/\/www.andbank.com\/andorra\/fr\/wp-json\/wp\/v2\/comments?post=15436"}],"version-history":[{"count":0,"href":"https:\/\/www.andbank.com\/andorra\/fr\/wp-json\/wp\/v2\/posts\/15436\/revisions"}],"wp:featuredmedia":[{"embeddable":true,"href":"https:\/\/www.andbank.com\/andorra\/fr\/wp-json\/wp\/v2\/media\/15432"}],"wp:attachment":[{"href":"https:\/\/www.andbank.com\/andorra\/fr\/wp-json\/wp\/v2\/media?parent=15436"}],"wp:term":[{"taxonomy":"category","embeddable":true,"href":"https:\/\/www.andbank.com\/andorra\/fr\/wp-json\/wp\/v2\/categories?post=15436"},{"taxonomy":"post_tag","embeddable":true,"href":"https:\/\/www.andbank.com\/andorra\/fr\/wp-json\/wp\/v2\/tags?post=15436"},{"taxonomy":"yst_prominent_words","embeddable":true,"href":"https:\/\/www.andbank.com\/andorra\/fr\/wp-json\/wp\/v2\/yst_prominent_words?post=15436"}],"curies":[{"name":"wp","href":"https:\/\/api.w.org\/{rel}","templated":true}]}}